{"id":1916,"date":"2014-02-03T10:09:26","date_gmt":"2014-02-03T10:09:26","guid":{"rendered":"http:\/\/at.rechtsinfokollektiv.org\/?p=1916"},"modified":"2014-02-03T10:09:26","modified_gmt":"2014-02-03T10:09:26","slug":"antirep-infoabend-di-4-2-19-uhr-im-antifacafe","status":"publish","type":"post","link":"https:\/\/at.rechtsinfokollektiv.org\/?p=1916","title":{"rendered":"Antirep-Infoabend, Di. 4.2. 19 Uhr im AntifaCaf\u00e9"},"content":{"rendered":"<p>Es gibt ein neues Solikollektiv f\u00fcr die Repressionsbetroffenen vom 24. J\u00e4nner, auf ihrem Blog schreiben Sie:<\/p>\n<p>&#8222;Wir sind ein b\u00fcndnis\u00fcbergreifendes Kollektiv, dass sich gebildet hat, um gegen die Repression um den Wiener Akademikerball zu arbeiten. Wir werden versuchen, euch sowohl bei Verwaltungsstrafen zu unterst\u00fctzen als auch Solidarit\u00e4tsarbeit gegen die strafrechtliche Kriminalisierung von Antifaschist_innen zu leisten.&#8220;<\/p>\n<p>Sie veranstalten einen Rechtshilfe\/Antirep Informationsabend: <strong>Di, 4.2. 19 Uhr im AntifaCaf\u00e9<\/strong> (Tannengasse 1)<\/p>\n<p><a href=\"http:\/\/soli2401.blogsport.eu\/\">http:\/\/soli2401.blogsport.eu\/<\/a><\/p>\n","protected":false},"excerpt":{"rendered":"<p>Es gibt ein neues Solikollektiv f\u00fcr die Repressionsbetroffenen vom 24. J\u00e4nner, auf ihrem Blog schreiben Sie: &#8222;Wir sind ein b\u00fcndnis\u00fcbergreifendes Kollektiv, dass sich gebildet hat, um gegen die Repression um den Wiener Akademikerball zu arbeiten. Wir werden versuchen, euch sowohl bei Verwaltungsstrafen zu unterst\u00fctzen als auch Solidarit\u00e4tsarbeit gegen die strafrechtliche Kriminalisierung von Antifaschist_innen zu leisten.&#8220; &hellip; <a href=\"https:\/\/at.rechtsinfokollektiv.org\/?p=1916\" class=\"more-link\"><span class=\"screen-reader-text\">Antirep-Infoabend, Di. 4.2. 19 Uhr im AntifaCaf\u00e9<\/span> weiterlesen <span class=\"meta-nav\">&rarr;<\/span><\/a><\/p>\n","protected":false},"author":1,"featured_media":0,"comment_status":"open","ping_status":"open","sticky":false,"template":"","format":"standard","meta":{"footnotes":""},"categories":[13],"tags":[],"class_list":["post-1916","post","type-post","status-publish","format-standard","hentry","category-riko"],"_links":{"self":[{"href":"https:\/\/at.rechtsinfokollektiv.org\/index.php?rest_route=\/wp\/v2\/posts\/1916","targetHints":{"allow":["GET"]}}],"collection":[{"href":"https:\/\/at.rechtsinfokollektiv.org\/index.php?rest_route=\/wp\/v2\/posts"}],"about":[{"href":"https:\/\/at.rechtsinfokollektiv.org\/index.php?rest_route=\/wp\/v2\/types\/post"}],"author":[{"embeddable":true,"href":"https:\/\/at.rechtsinfokollektiv.org\/index.php?rest_route=\/wp\/v2\/users\/1"}],"replies":[{"embeddable":true,"href":"https:\/\/at.rechtsinfokollektiv.org\/index.php?rest_route=%2Fwp%2Fv2%2Fcomments&post=1916"}],"version-history":[{"count":0,"href":"https:\/\/at.rechtsinfokollektiv.org\/index.php?rest_route=\/wp\/v2\/posts\/1916\/revisions"}],"wp:attachment":[{"href":"https:\/\/at.rechtsinfokollektiv.org\/index.php?rest_route=%2Fwp%2Fv2%2Fmedia&parent=1916"}],"wp:term":[{"taxonomy":"category","embeddable":true,"href":"https:\/\/at.rechtsinfokollektiv.org\/index.php?rest_route=%2Fwp%2Fv2%2Fcategories&post=1916"},{"taxonomy":"post_tag","embeddable":true,"href":"https:\/\/at.rechtsinfokollektiv.org\/index.php?rest_route=%2Fwp%2Fv2%2Ftags&post=1916"}],"curies":[{"name":"wp","href":"https:\/\/api.w.org\/{rel}","templated":true}]}}