{"id":2479,"date":"2016-03-26T10:27:04","date_gmt":"2016-03-26T10:27:04","guid":{"rendered":"http:\/\/at.rechtsinfokollektiv.org\/?p=2479"},"modified":"2016-03-26T10:27:04","modified_gmt":"2016-03-26T10:27:04","slug":"solidaritatsaufruf-von-a","status":"publish","type":"post","link":"https:\/\/at.rechtsinfokollektiv.org\/?p=2479","title":{"rendered":"Solidarit\u00e4tsaufruf von A"},"content":{"rendered":"<p style=\"text-align: justify;\"><strong>Liebe Antifaschist*Innen, liebe Freund*innen,<\/strong><\/p>\n<p style=\"text-align: justify;\">am 24.01.2014 ging ich wie viele tausende Menschen gegen den sogenannten Akademiker Ball in Wien, ein Event der Extremen Rechten, auf die Stra\u00dfe.<br \/>\nEs war ein gro\u00dfer, bunter und zum Teil auch militanter Protest, im Zuge dessen ich, wie einige andere auch, verhaftet wurde.<br \/>\nW\u00e4hrend es recht schnell zu gro\u00dfen, medial begleiteten Prozessen kam, wurde mein Fall von der Staatsanwaltschaft sehr schleppend bearbeitet, warum entzieht sich meiner Kenntnis.<\/p>\n<p style=\"text-align: justify;\"><!--more--><\/p>\n<p style=\"text-align: justify;\">Nun werde ich doch noch vor einem Sch\u00f6ffengericht wegen \u00a7 274 StGB gemeinschaftlicher Gewalt (Nachfolge-Paragraph Landfriedensbruch) und \u00a7126 StGB schwerer Sachbesch\u00e4digung angeklagt. Der Prozess wird in den n\u00e4chsten Wochen stattfinden.<br \/>\nDadurch kommen zuerst mehrere Tausend Euro Verteidigungskosten und bei Verurteilung unter Umst\u00e4nden noch weitere Kosten auf mich zu.<br \/>\nDiese Kosten kann und will ich nicht alleine tragen.<\/p>\n<p style=\"text-align: justify;\">Recht ist oft nicht Gerechtigkeit, wie wir auch beim Prozess gegen Josef sehen konnten und mein Prozess wird, wie die anderen Prozesse im Zusammenhang mit antifaschistischen Protesten, ebenfalls ein politischer Prozess sein.<br \/>\nGanz nach der Devise \u201eGetroffen hat es einen, gemeint sind wir alle!\u201c bitte ich euch daher mich solidarisch zu unterst\u00fctzen, einerseits finanziell, andererseits durch eure Anwesenheit beim Prozess.<\/p>\n<p style=\"text-align: justify;\">Danken m\u00f6chte ich schon jetzt jenen die mich unterst\u00fctzt haben an jenem Abend als ich in Haft war und dies auch jetzt tun: Vielen Dank den Wiener Rechtshilfe Gruppen, allen Freund*innen und allen die f\u00fcr mich und andere auf Soli-Demos und Aktionen waren!<\/p>\n<p style=\"text-align: justify;\">Gerade in Zeiten einer erstarkten europ\u00e4ischen und besonders \u00f6sterreichischen Rechten, die sich in den letzten Jahren massiv gegen Gefl\u00fcchtete formiert hat und mit extremer Gewalt gegen diese vorgeht und einer gleichzeitig ansteigenden Repression gegen linke und sich solidarisierenden Gruppen, m\u00fcssen wir zusammen halten.<\/p>\n<p style=\"text-align: justify;\">Hoch die antifaschistischen Bewegungen!<\/p>\n<p style=\"text-align: justify;\">Liebe Gr\u00fc\u00dfe,<br \/>\nA<\/p>\n<p style=\"text-align: justify;\">Kontodaten:<br \/>\nKontoinhaber: ssf<br \/>\nIBAN: AT6920 4040 0003 087 780<br \/>\nBIC: SBGSAT2SXXX<br \/>\nVerwendungszweck: prozess2016<\/p>\n","protected":false},"excerpt":{"rendered":"<p>Liebe Antifaschist*Innen, liebe Freund*innen, am 24.01.2014 ging ich wie viele tausende Menschen gegen den sogenannten Akademiker Ball in Wien, ein Event der Extremen Rechten, auf die Stra\u00dfe. Es war ein gro\u00dfer, bunter und zum Teil auch militanter Protest, im Zuge dessen ich, wie einige andere auch, verhaftet wurde. W\u00e4hrend es recht schnell zu gro\u00dfen, medial &hellip; <a href=\"https:\/\/at.rechtsinfokollektiv.org\/?p=2479\" class=\"more-link\"><span class=\"screen-reader-text\">Solidarit\u00e4tsaufruf von A<\/span> weiterlesen <span class=\"meta-nav\">&rarr;<\/span><\/a><\/p>\n","protected":false},"author":1,"featured_media":0,"comment_status":"closed","ping_status":"closed","sticky":false,"template":"","format":"standard","meta":{"footnotes":""},"categories":[4],"tags":[],"class_list":["post-2479","post","type-post","status-publish","format-standard","hentry","category-aufruf"],"_links":{"self":[{"href":"https:\/\/at.rechtsinfokollektiv.org\/index.php?rest_route=\/wp\/v2\/posts\/2479","targetHints":{"allow":["GET"]}}],"collection":[{"href":"https:\/\/at.rechtsinfokollektiv.org\/index.php?rest_route=\/wp\/v2\/posts"}],"about":[{"href":"https:\/\/at.rechtsinfokollektiv.org\/index.php?rest_route=\/wp\/v2\/types\/post"}],"author":[{"embeddable":true,"href":"https:\/\/at.rechtsinfokollektiv.org\/index.php?rest_route=\/wp\/v2\/users\/1"}],"replies":[{"embeddable":true,"href":"https:\/\/at.rechtsinfokollektiv.org\/index.php?rest_route=%2Fwp%2Fv2%2Fcomments&post=2479"}],"version-history":[{"count":0,"href":"https:\/\/at.rechtsinfokollektiv.org\/index.php?rest_route=\/wp\/v2\/posts\/2479\/revisions"}],"wp:attachment":[{"href":"https:\/\/at.rechtsinfokollektiv.org\/index.php?rest_route=%2Fwp%2Fv2%2Fmedia&parent=2479"}],"wp:term":[{"taxonomy":"category","embeddable":true,"href":"https:\/\/at.rechtsinfokollektiv.org\/index.php?rest_route=%2Fwp%2Fv2%2Fcategories&post=2479"},{"taxonomy":"post_tag","embeddable":true,"href":"https:\/\/at.rechtsinfokollektiv.org\/index.php?rest_route=%2Fwp%2Fv2%2Ftags&post=2479"}],"curies":[{"name":"wp","href":"https:\/\/api.w.org\/{rel}","templated":true}]}}