{"id":2566,"date":"2016-07-01T17:47:44","date_gmt":"2016-07-01T17:47:44","guid":{"rendered":"http:\/\/at.rechtsinfokollektiv.org\/?p=2566"},"modified":"2016-07-01T17:47:44","modified_gmt":"2016-07-01T17:47:44","slug":"wien-der-staat-osterreich-fuhlt-sich-herabgewurdigt-3-prozesstag-am-6-7-16-um-9-uhr","status":"publish","type":"post","link":"https:\/\/at.rechtsinfokollektiv.org\/?p=2566","title":{"rendered":"Wien: Der Staat \u00d6sterreich f\u00fchlt sich herabgew\u00fcrdigt! 3. Prozesstag am 6.7.16 um 9 Uhr"},"content":{"rendered":"<p>Wien: Der Staat \u00d6sterreich f\u00fchlt sich herabgew\u00fcrdigt! Der 3. Prozesstag findet am 6.7.16 um 9 Uhr im Wiener Landesgericht statt (Wickenburggasse). Eine PErson wurde wegen Herabw\u00fcrdigung des Staates und seiner Symbole, Widerstand gegen die Staatsgewalt und Beleidigung angeklagt. Solidarisches Publikum ist erw\u00fcnscht!<\/p>\n<p>Der Saal wird noch bekannt gegeben.<\/p>\n","protected":false},"excerpt":{"rendered":"<p>Wien: Der Staat \u00d6sterreich f\u00fchlt sich herabgew\u00fcrdigt! Der 3. Prozesstag findet am 6.7.16 um 9 Uhr im Wiener Landesgericht statt (Wickenburggasse). Eine PErson wurde wegen Herabw\u00fcrdigung des Staates und seiner Symbole, Widerstand gegen die Staatsgewalt und Beleidigung angeklagt. Solidarisches Publikum ist erw\u00fcnscht! Der Saal wird noch bekannt gegeben.<\/p>\n","protected":false},"author":1,"featured_media":0,"comment_status":"closed","ping_status":"closed","sticky":false,"template":"","format":"standard","meta":{"footnotes":""},"categories":[14],"tags":[],"class_list":["post-2566","post","type-post","status-publish","format-standard","hentry","category-uncategorized"],"_links":{"self":[{"href":"https:\/\/at.rechtsinfokollektiv.org\/index.php?rest_route=\/wp\/v2\/posts\/2566","targetHints":{"allow":["GET"]}}],"collection":[{"href":"https:\/\/at.rechtsinfokollektiv.org\/index.php?rest_route=\/wp\/v2\/posts"}],"about":[{"href":"https:\/\/at.rechtsinfokollektiv.org\/index.php?rest_route=\/wp\/v2\/types\/post"}],"author":[{"embeddable":true,"href":"https:\/\/at.rechtsinfokollektiv.org\/index.php?rest_route=\/wp\/v2\/users\/1"}],"replies":[{"embeddable":true,"href":"https:\/\/at.rechtsinfokollektiv.org\/index.php?rest_route=%2Fwp%2Fv2%2Fcomments&post=2566"}],"version-history":[{"count":0,"href":"https:\/\/at.rechtsinfokollektiv.org\/index.php?rest_route=\/wp\/v2\/posts\/2566\/revisions"}],"wp:attachment":[{"href":"https:\/\/at.rechtsinfokollektiv.org\/index.php?rest_route=%2Fwp%2Fv2%2Fmedia&parent=2566"}],"wp:term":[{"taxonomy":"category","embeddable":true,"href":"https:\/\/at.rechtsinfokollektiv.org\/index.php?rest_route=%2Fwp%2Fv2%2Fcategories&post=2566"},{"taxonomy":"post_tag","embeddable":true,"href":"https:\/\/at.rechtsinfokollektiv.org\/index.php?rest_route=%2Fwp%2Fv2%2Ftags&post=2566"}],"curies":[{"name":"wp","href":"https:\/\/api.w.org\/{rel}","templated":true}]}}