{"id":3196,"date":"2021-04-10T22:32:07","date_gmt":"2021-04-10T20:32:07","guid":{"rendered":"https:\/\/at.rechtsinfokollektiv.org\/?p=3196"},"modified":"2021-04-10T23:05:02","modified_gmt":"2021-04-10T21:05:02","slug":"polizeirepression-gegen-raddemo","status":"publish","type":"post","link":"https:\/\/at.rechtsinfokollektiv.org\/?p=3196","title":{"rendered":"Polizeirepression gegen Raddemo"},"content":{"rendered":"<p><span style=\"color: #000000;\"><span style=\"font-family: Inter, Helvetica Neue, Source Sans Pro, Source Han Sans SC, Source Han Sans CN, Hiragino Sans GB, Hiragino Kaku Gothic, Microsoft Yahei UI, Helvetica, Arial, sans-serif;\"><span style=\"font-size: small;\">Heute wurde eine antifaschistische Demonstration von der Polizei aufgel\u00f6st und die Namen der Personen festgestellt. <\/span><\/span><\/span><span style=\"color: #000000;\"><span style=\"font-family: Inter, Helvetica Neue, Source Sans Pro, Source Han Sans SC, Source Han Sans CN, Hiragino Sans GB, Hiragino Kaku Gothic, Microsoft Yahei UI, Helvetica, Arial, sans-serif;\"><span style=\"font-size: small;\">Teilweise <\/span><\/span><\/span><span style=\"color: #000000;\"><span style=\"font-family: Inter, Helvetica Neue, Source Sans Pro, Source Han Sans SC, Source Han Sans CN, Hiragino Sans GB, Hiragino Kaku Gothic, Microsoft Yahei UI, Helvetica, Arial, sans-serif;\"><span style=\"font-size: small;\">wurden <\/span><\/span><\/span><span style=\"color: #000000;\"><span style=\"font-family: Inter, Helvetica Neue, Source Sans Pro, Source Han Sans SC, Source Han Sans CN, Hiragino Sans GB, Hiragino Kaku Gothic, Microsoft Yahei UI, Helvetica, Arial, sans-serif;\"><span style=\"font-size: small;\">auch <\/span><\/span><\/span><span style=\"color: #000000;\"><span style=\"font-family: Inter, Helvetica Neue, Source Sans Pro, Source Han Sans SC, Source Han Sans CN, Hiragino Sans GB, Hiragino Kaku Gothic, Microsoft Yahei UI, Helvetica, Arial, sans-serif;\"><span style=\"font-size: small;\">Fotos von ihnen gemacht und Kleidung bzw. Rucks\u00e4cke durchsucht. Die Polizei hat sich auf den \u00a7 118 StPO berufen. Die Identit\u00e4tsfeststellungen seien also wegen angeblicher gerichtlicher Straftaten und nicht blo\u00df wegen Verwaltungs\u00fcbertretungen erfolgt. Um welche Straftaten es sich handeln soll, ist unklar. <\/span><\/span><\/span><!--more--><\/p>\n<p><span style=\"color: #000000;\"><span style=\"font-family: Inter, Helvetica Neue, Source Sans Pro, Source Han Sans SC, Source Han Sans CN, Hiragino Sans GB, Hiragino Kaku Gothic, Microsoft Yahei UI, Helvetica, Arial, sans-serif;\"><span style=\"font-size: small;\"><a href=\"https:\/\/www.ris.bka.gv.at\/eli\/bgbl\/1975\/631\/P118\/NOR40050577?Abfrage=Bundesnormen&amp;Kundmachungsorgan=&amp;Index=&amp;Titel=stpo&amp;Gesetzesnummer=&amp;VonArtikel=&amp;BisArtikel=&amp;VonParagraf=118&amp;BisParagraf=&amp;VonAnlage=&amp;BisAnlage=&amp;Typ=&amp;Kundmachungsnummer=&amp;Unterzeichnungsdatum=&amp;FassungVom=10.04.2021&amp;VonInkrafttretedatum=&amp;BisInkrafttretedatum=&amp;VonAusserkrafttretedatum=&amp;BisAusserkrafttretedatum=&amp;NormabschnittnummerKombination=Und&amp;ImRisSeitVonDatum=&amp;ImRisSeitBisDatum=&amp;ImRisSeit=Undefined&amp;ResultPageSize=100&amp;Suchworte=&amp;Position=1&amp;SkipToDocumentPage=true&amp;ResultFunctionToken=5171fdf0-6db3-4d44-a8ea-b9461f34bc6d\">\u00a7 118 StPO<\/a> regelt die Zul\u00e4ssigkeit von Identit\u00e4tsfeststellungen in Strafverfahren, <\/span><\/span><\/span><span style=\"color: #000000;\"><span style=\"font-family: Inter, Helvetica Neue, Source Sans Pro, Source Han Sans SC, Source Han Sans CN, Hiragino Sans GB, Hiragino Kaku Gothic, Microsoft Yahei UI, Helvetica, Arial, sans-serif;\"><span style=\"font-size: small;\">Verd\u00e4chtige und Zeug:innen d\u00fcrfen nach dieser Best<\/span><\/span><\/span><span style=\"color: #000000;\"><span style=\"font-family: Inter, Helvetica Neue, Source Sans Pro, Source Han Sans SC, Source Han Sans CN, Hiragino Sans GB, Hiragino Kaku Gothic, Microsoft Yahei UI, Helvetica, Arial, sans-serif;\"><span style=\"font-size: small;\">i<\/span><\/span><\/span><span style=\"color: #000000;\"><span style=\"font-family: Inter, Helvetica Neue, Source Sans Pro, Source Han Sans SC, Source Han Sans CN, Hiragino Sans GB, Hiragino Kaku Gothic, Microsoft Yahei UI, Helvetica, Arial, sans-serif;\"><span style=\"font-size: small;\">mmung kontrolliert werden<\/span><\/span><\/span><span style=\"color: #000000;\"><span style=\"font-family: Inter, Helvetica Neue, Source Sans Pro, Source Han Sans SC, Source Han Sans CN, Hiragino Sans GB, Hiragino Kaku Gothic, Microsoft Yahei UI, Helvetica, Arial, sans-serif;\"><span style=\"font-size: small;\">. <\/span><\/span><\/span><\/p>\n<p><span style=\"color: #000000;\"><span style=\"font-family: Inter, Helvetica Neue, Source Sans Pro, Source Han Sans SC, Source Han Sans CN, Hiragino Sans GB, Hiragino Kaku Gothic, Microsoft Yahei UI, Helvetica, Arial, sans-serif;\"><span style=\"font-size: small;\">Die Polizei ist danach <\/span><\/span><\/span><span style=\"color: #000000;\"><span style=\"font-family: Inter, Helvetica Neue, Source Sans Pro, Source Han Sans SC, Source Han Sans CN, Hiragino Sans GB, Hiragino Kaku Gothic, Microsoft Yahei UI, Helvetica, Arial, sans-serif;\"><span style=\"font-size: small;\">auch <\/span><\/span><\/span><span style=\"color: #000000;\"><span style=\"font-family: Inter, Helvetica Neue, Source Sans Pro, Source Han Sans SC, Source Han Sans CN, Hiragino Sans GB, Hiragino Kaku Gothic, Microsoft Yahei UI, Helvetica, Arial, sans-serif;\"><span style=\"font-size: small;\">dazu erm\u00e4chtigt, Fotos von den betroffenen Person zu machen \u201esoweit dies zur Identit\u00e4tsfeststellung erforderlich ist.\u201c Die Durchsuchung der Bekleidung einer Person und der Gegenst\u00e4nde, die sie bei sich hat, ist nur dann zul\u00e4ssig, wenn \u201edie Person an der Identit\u00e4tsfeststellung nicht mitwirkt oder ihre Identit\u00e4t aus anderen Gr\u00fcnden nicht sogleich festgestellt werden kann.\u201c Jedenfalls ist den beamtshandelten Personen auf Aufforderung mitzuteilen, \u201eaus welchem Anlass die Feststellung erfolgt.\u201c <\/span><\/span><\/span><\/p>\n<p><span style=\"color: #000000;\"><span style=\"font-family: Inter, Helvetica Neue, Source Sans Pro, Source Han Sans SC, Source Han Sans CN, Hiragino Sans GB, Hiragino Kaku Gothic, Microsoft Yahei UI, Helvetica, Arial, sans-serif;\"><span style=\"font-size: small;\">Wenn ihr heute von Repression betroffen wart, macht ein <a href=\"https:\/\/at.rechtsinfokollektiv.org\/?page_id=206\">Ged\u00e4chtnisprotokoll<\/a> und verwahrt es sicher.<\/span><\/span><\/span><span style=\"color: #000000;\"><span style=\"font-family: Inter, Helvetica Neue, Source Sans Pro, Source Han Sans SC, Source Han Sans CN, Hiragino Sans GB, Hiragino Kaku Gothic, Microsoft Yahei UI, Helvetica, Arial, sans-serif;\"><span style=\"font-size: small;\"> Solltet ihr irgendwann Post von der Polizei bekommen oder euch <a href=\"https:\/\/at.rechtsinfokollektiv.org\/?p=1933\">gegen die Ma\u00dfnahmen der Polizei juristisch wehren wollen<\/a><\/span><\/span><\/span><span style=\"color: #000000;\"><span style=\"font-family: Inter, Helvetica Neue, Source Sans Pro, Source Han Sans SC, Source Han Sans CN, Hiragino Sans GB, Hiragino Kaku Gothic, Microsoft Yahei UI, Helvetica, Arial, sans-serif;\"><span style=\"font-size: small;\">, hilft es euch sp\u00e4ter als Erinnerungsst\u00fctze. <\/span><\/span><\/span><span style=\"color: #000000;\"><span style=\"font-family: Inter, Helvetica Neue, Source Sans Pro, Source Han Sans SC, Source Han Sans CN, Hiragino Sans GB, Hiragino Kaku Gothic, Microsoft Yahei UI, Helvetica, Arial, sans-serif;\"><span style=\"font-size: small;\">Ihr k\u00f6nnt euch gerne auch bei uns melden.<\/span><\/span><\/span><\/p>\n","protected":false},"excerpt":{"rendered":"<p>Heute wurde eine antifaschistische Demonstration von der Polizei aufgel\u00f6st und die Namen der Personen festgestellt. Teilweise wurden auch Fotos von ihnen gemacht und Kleidung bzw. Rucks\u00e4cke durchsucht. Die Polizei hat sich auf den \u00a7 118 StPO berufen. Die Identit\u00e4tsfeststellungen seien also wegen angeblicher gerichtlicher Straftaten und nicht blo\u00df wegen Verwaltungs\u00fcbertretungen erfolgt. Um welche Straftaten es &hellip; <a href=\"https:\/\/at.rechtsinfokollektiv.org\/?p=3196\" class=\"more-link\"><span class=\"screen-reader-text\">Polizeirepression gegen Raddemo<\/span> weiterlesen <span class=\"meta-nav\">&rarr;<\/span><\/a><\/p>\n","protected":false},"author":1,"featured_media":0,"comment_status":"closed","ping_status":"closed","sticky":false,"template":"","format":"standard","meta":{"footnotes":""},"categories":[1],"tags":[],"class_list":["post-3196","post","type-post","status-publish","format-standard","hentry","category-allgemein"],"_links":{"self":[{"href":"https:\/\/at.rechtsinfokollektiv.org\/index.php?rest_route=\/wp\/v2\/posts\/3196","targetHints":{"allow":["GET"]}}],"collection":[{"href":"https:\/\/at.rechtsinfokollektiv.org\/index.php?rest_route=\/wp\/v2\/posts"}],"about":[{"href":"https:\/\/at.rechtsinfokollektiv.org\/index.php?rest_route=\/wp\/v2\/types\/post"}],"author":[{"embeddable":true,"href":"https:\/\/at.rechtsinfokollektiv.org\/index.php?rest_route=\/wp\/v2\/users\/1"}],"replies":[{"embeddable":true,"href":"https:\/\/at.rechtsinfokollektiv.org\/index.php?rest_route=%2Fwp%2Fv2%2Fcomments&post=3196"}],"version-history":[{"count":4,"href":"https:\/\/at.rechtsinfokollektiv.org\/index.php?rest_route=\/wp\/v2\/posts\/3196\/revisions"}],"predecessor-version":[{"id":3201,"href":"https:\/\/at.rechtsinfokollektiv.org\/index.php?rest_route=\/wp\/v2\/posts\/3196\/revisions\/3201"}],"wp:attachment":[{"href":"https:\/\/at.rechtsinfokollektiv.org\/index.php?rest_route=%2Fwp%2Fv2%2Fmedia&parent=3196"}],"wp:term":[{"taxonomy":"category","embeddable":true,"href":"https:\/\/at.rechtsinfokollektiv.org\/index.php?rest_route=%2Fwp%2Fv2%2Fcategories&post=3196"},{"taxonomy":"post_tag","embeddable":true,"href":"https:\/\/at.rechtsinfokollektiv.org\/index.php?rest_route=%2Fwp%2Fv2%2Ftags&post=3196"}],"curies":[{"name":"wp","href":"https:\/\/api.w.org\/{rel}","templated":true}]}}