{"id":3226,"date":"2021-06-19T16:11:22","date_gmt":"2021-06-19T14:11:22","guid":{"rendered":"https:\/\/at.rechtsinfokollektiv.org\/?p=3226"},"modified":"2021-06-19T16:11:22","modified_gmt":"2021-06-19T14:11:22","slug":"alle-feministinnen-sind-raeuberinnen-urteil-doch-kein-raub","status":"publish","type":"post","link":"https:\/\/at.rechtsinfokollektiv.org\/?p=3226","title":{"rendered":"Alle Feminist:innen sind R\u00e4uber:innen \u2013 Urteil: Doch kein Raub!"},"content":{"rendered":"\n<p>Am 17.10.2020 wurden zwei Personen festgenommen und mehrere Stunden im PAZ Ro\u00dfauerl\u00e4nde festgehalten. Die Festnahmen erfolgten im Zuge von Protesten gegen eine Versammlung von christlich-fundamentalistischen Abtreibungsgegner:innen. Einer der beiden Festgenommen wurde ein Mobiltelefon weggenommen und erst Ende Dezember vom LVT Wien wieder ausgeh\u00e4ndigt. Was der Zweck der Wegnahme war und was der LVT \u00fcber zwei Monate mit dem Handy machte, ist nicht bekannt, eine Begr\u00fcndung blieb der LVT schuldig. Das Verwaltungsgericht Wien erkl\u00e4rte die Wegnahme des Telefons jedoch f\u00fcr rechtswidrig.<\/p>\n\n\n\n<p>Die Polizei warf den Festgenommen erst versuchten Raub vor. Dabei handelt es sich um ein Delikt mit besonders hoher Strafdrohung (Mindeststrafe: 1 Jahr, H\u00f6chststrafe: 10 Jahre). Der Vorwurf war aus juristischer Sicht absurd und so ordnete der Journalstaatsanwalt die sofortige Enthaftung an und leitete Ermittlungen wegen N\u00f6tigung, bzw. K\u00f6rperverletzung (H\u00f6chststrafe: 1 Jahr) ein. Das schien den LVT jedoch wenig zu interessieren, den Abschlussbericht verfasste er wieder wegen \u201eRaubes\u201c, was auch die n\u00e4chste Staatsanw\u00e4ltin aufgriff. So hatten die beiden Feminist:innen Anfang Juni 2021 eine Verhandlung vor einem Sch\u00f6ffengericht.<\/p>\n\n\n\n<p>Vorgeworfen wurde ihnen, dass sie auf der Kundgebung das Fahrrad einer bekannten Pro-Choice-Gegnerin rauben wollten. Eine der Angeklagten wurde rechtskr\u00e4ftig freigesprochen, dass Sch\u00f6ffengericht kam zu dem Schluss, dass sie sich zum Zeitpunkt des Geschehens an einem anderen Ort befand. Die zweite Angeklagte wurde implizit wegen des Vorwurfs des Raubes freigesprochen und bekam eine Diversion wegen N\u00f6tigung.<\/p>\n\n\n\n<p>Das Verfahren zeigt mal wieder, wie leicht eine Person bei der Teilnahme einer Versammlung, auch wenn sie g\u00e4nzlich unbeteiligt ist, mit Repression konfrontiert sein kann. Dass der LVT mittlerweile mal wieder versucht, Delikte mit besonders hohen Strafdrohungen \u2013 auch wenn dies juristisch nicht vertretbar ist \u2013 der Staatsanwaltschaft schmackhaft zu machen, erscheint besonders bedrohlich.<\/p>\n\n\n\n<p>Es wird noch Geld f\u00fcr die Finanzierung der Rechtsanw\u00e4lt:innen ben\u00f6tigt. Bitte spendet daher an: <\/p>\n\n\n\n<p><strong>Rote Hilfe Wien, IBAN: AT46 6000 0103 1036 9883 mit dem Betreff \u201eR\u00e4uberinnen\u201c.<\/strong><\/p>\n\n\n\n<p>Trotz Freispr\u00fcchen bleibt es dabei: Alle Feminist:innen sind R\u00e4uber:innen, denn wir rauben euch das Patriarchat!<\/p>\n\n\n\n<figure class=\"wp-block-embed is-type-wp-embed is-provider-rechtsinfokollektiv wp-block-embed-rechtsinfokollektiv\"><div class=\"wp-block-embed__wrapper\">\n<blockquote class=\"wp-embedded-content\" data-secret=\"EEGIx7pE0k\"><a href=\"https:\/\/at.rechtsinfokollektiv.org\/?p=3185\">Alle Feminist:innnen sind R\u00e4uber:innen \u2013 Vorwurf Raub &#8211; Spendenaufruf<\/a><\/blockquote><iframe loading=\"lazy\" class=\"wp-embedded-content\" sandbox=\"allow-scripts\" security=\"restricted\" style=\"position: absolute; clip: rect(1px, 1px, 1px, 1px);\" title=\"&#8222;Alle Feminist:innnen sind R\u00e4uber:innen \u2013 Vorwurf Raub &#8211; Spendenaufruf&#8220; &#8212; Rechtsinfokollektiv - RiKo\" src=\"https:\/\/at.rechtsinfokollektiv.org\/?p=3185&#038;embed=true#?secret=HuzLIp14N9#?secret=EEGIx7pE0k\" data-secret=\"EEGIx7pE0k\" width=\"474\" height=\"267\" frameborder=\"0\" marginwidth=\"0\" marginheight=\"0\" scrolling=\"no\"><\/iframe>\n<\/div><\/figure>\n","protected":false},"excerpt":{"rendered":"<p>Am 17.10.2020 wurden zwei Personen festgenommen und mehrere Stunden im PAZ Ro\u00dfauerl\u00e4nde festgehalten. Die Festnahmen erfolgten im Zuge von Protesten gegen eine Versammlung von christlich-fundamentalistischen Abtreibungsgegner:innen. Einer der beiden Festgenommen wurde ein Mobiltelefon weggenommen und erst Ende Dezember vom LVT Wien wieder ausgeh\u00e4ndigt. Was der Zweck der Wegnahme war und was der LVT \u00fcber zwei &hellip; <a href=\"https:\/\/at.rechtsinfokollektiv.org\/?p=3226\" class=\"more-link\"><span class=\"screen-reader-text\">Alle Feminist:innen sind R\u00e4uber:innen \u2013 Urteil: Doch kein Raub!<\/span> weiterlesen <span class=\"meta-nav\">&rarr;<\/span><\/a><\/p>\n","protected":false},"author":1,"featured_media":0,"comment_status":"closed","ping_status":"closed","sticky":false,"template":"","format":"standard","meta":{"footnotes":""},"categories":[1],"tags":[],"class_list":["post-3226","post","type-post","status-publish","format-standard","hentry","category-allgemein"],"_links":{"self":[{"href":"https:\/\/at.rechtsinfokollektiv.org\/index.php?rest_route=\/wp\/v2\/posts\/3226","targetHints":{"allow":["GET"]}}],"collection":[{"href":"https:\/\/at.rechtsinfokollektiv.org\/index.php?rest_route=\/wp\/v2\/posts"}],"about":[{"href":"https:\/\/at.rechtsinfokollektiv.org\/index.php?rest_route=\/wp\/v2\/types\/post"}],"author":[{"embeddable":true,"href":"https:\/\/at.rechtsinfokollektiv.org\/index.php?rest_route=\/wp\/v2\/users\/1"}],"replies":[{"embeddable":true,"href":"https:\/\/at.rechtsinfokollektiv.org\/index.php?rest_route=%2Fwp%2Fv2%2Fcomments&post=3226"}],"version-history":[{"count":1,"href":"https:\/\/at.rechtsinfokollektiv.org\/index.php?rest_route=\/wp\/v2\/posts\/3226\/revisions"}],"predecessor-version":[{"id":3227,"href":"https:\/\/at.rechtsinfokollektiv.org\/index.php?rest_route=\/wp\/v2\/posts\/3226\/revisions\/3227"}],"wp:attachment":[{"href":"https:\/\/at.rechtsinfokollektiv.org\/index.php?rest_route=%2Fwp%2Fv2%2Fmedia&parent=3226"}],"wp:term":[{"taxonomy":"category","embeddable":true,"href":"https:\/\/at.rechtsinfokollektiv.org\/index.php?rest_route=%2Fwp%2Fv2%2Fcategories&post=3226"},{"taxonomy":"post_tag","embeddable":true,"href":"https:\/\/at.rechtsinfokollektiv.org\/index.php?rest_route=%2Fwp%2Fv2%2Ftags&post=3226"}],"curies":[{"name":"wp","href":"https:\/\/api.w.org\/{rel}","templated":true}]}}