{"id":698,"date":"2012-01-31T16:17:22","date_gmt":"2012-01-31T16:17:22","guid":{"rendered":"http:\/\/at.rechtsinfokollektiv.org\/?p=698"},"modified":"2012-01-31T16:17:22","modified_gmt":"2012-01-31T16:17:22","slug":"es-wird-ernst-polizei-erhalt-noch-mehr-rechte","status":"publish","type":"post","link":"https:\/\/at.rechtsinfokollektiv.org\/?p=698","title":{"rendered":"Es wird ernst: Polizei erh\u00e4lt (noch) mehr Rechte"},"content":{"rendered":"<p><em>Die<\/em> <em>Presse<\/em> berichtet in einem Artikel \u00fcber die geplante Novelle des Sicherheitspolizeigesetzes. Der Verfassungsschutz k\u00f6nnte durch die Gesetzes\u00e4nderung bald B\u00fcrger_innen \u00fcberwachen, die zwar nicht straff\u00e4llig wurden, die er allerdings f\u00fcr gef\u00e4hrlich h\u00e4lt. Das kann Grundrechte einschr\u00e4nken &#8211; und erh\u00f6ht f\u00fcr die Beh\u00f6rde den Erfolgsdruck.<\/p>\n<p><a href=\"http:\/\/diepresse.com\/home\/panorama\/oesterreich\/728542\/Es-wird-ernst_Polizei-erhaelt-noch-mehr-Rechte\">Die Presse: Es wird ernst: Polizei erh\u00e4lt (noch) mehr Rechte<\/a><\/p>\n","protected":false},"excerpt":{"rendered":"<p>Die Presse berichtet in einem Artikel \u00fcber die geplante Novelle des Sicherheitspolizeigesetzes. Der Verfassungsschutz k\u00f6nnte durch die Gesetzes\u00e4nderung bald B\u00fcrger_innen \u00fcberwachen, die zwar nicht straff\u00e4llig wurden, die er allerdings f\u00fcr gef\u00e4hrlich h\u00e4lt. Das kann Grundrechte einschr\u00e4nken &#8211; und erh\u00f6ht f\u00fcr die Beh\u00f6rde den Erfolgsdruck. Die Presse: Es wird ernst: Polizei erh\u00e4lt (noch) mehr Rechte<\/p>\n","protected":false},"author":1,"featured_media":0,"comment_status":"open","ping_status":"open","sticky":false,"template":"","format":"standard","meta":{"footnotes":""},"categories":[8],"tags":[23,61,77],"class_list":["post-698","post","type-post","status-publish","format-standard","hentry","category-medien","tag-antiterrorgesetze","tag-spg","tag-uberwachung"],"_links":{"self":[{"href":"https:\/\/at.rechtsinfokollektiv.org\/index.php?rest_route=\/wp\/v2\/posts\/698","targetHints":{"allow":["GET"]}}],"collection":[{"href":"https:\/\/at.rechtsinfokollektiv.org\/index.php?rest_route=\/wp\/v2\/posts"}],"about":[{"href":"https:\/\/at.rechtsinfokollektiv.org\/index.php?rest_route=\/wp\/v2\/types\/post"}],"author":[{"embeddable":true,"href":"https:\/\/at.rechtsinfokollektiv.org\/index.php?rest_route=\/wp\/v2\/users\/1"}],"replies":[{"embeddable":true,"href":"https:\/\/at.rechtsinfokollektiv.org\/index.php?rest_route=%2Fwp%2Fv2%2Fcomments&post=698"}],"version-history":[{"count":0,"href":"https:\/\/at.rechtsinfokollektiv.org\/index.php?rest_route=\/wp\/v2\/posts\/698\/revisions"}],"wp:attachment":[{"href":"https:\/\/at.rechtsinfokollektiv.org\/index.php?rest_route=%2Fwp%2Fv2%2Fmedia&parent=698"}],"wp:term":[{"taxonomy":"category","embeddable":true,"href":"https:\/\/at.rechtsinfokollektiv.org\/index.php?rest_route=%2Fwp%2Fv2%2Fcategories&post=698"},{"taxonomy":"post_tag","embeddable":true,"href":"https:\/\/at.rechtsinfokollektiv.org\/index.php?rest_route=%2Fwp%2Fv2%2Ftags&post=698"}],"curies":[{"name":"wp","href":"https:\/\/api.w.org\/{rel}","templated":true}]}}