{"id":704,"date":"2012-01-31T16:22:10","date_gmt":"2012-01-31T16:22:10","guid":{"rendered":"http:\/\/at.rechtsinfokollektiv.org\/?p=704"},"modified":"2012-01-31T16:22:10","modified_gmt":"2012-01-31T16:22:10","slug":"solidaritat-zeigen-wir-brauchen-eure-unterstuzung-j-a-i-b","status":"publish","type":"post","link":"https:\/\/at.rechtsinfokollektiv.org\/?p=704","title":{"rendered":"Solidarit\u00e4t zeigen, wir brauchen eure Unterst\u00fczung! J.A.I.B."},"content":{"rendered":"<p>Die <em>Soligruppe der vier Repressionsbetroffenen J.A.I.B. (fightrepression2010)<\/em> ruft auf ihrer Homepage zu Solidarit\u00e4t und Unterst\u00fctzung auf. Hintergrund ist, dass am 13. M\u00e4rz 2012 um 9:00 im Landesgericht Josefstadt der Strafprozess gegen vier politische Aktivist_innen stattfinden wird. Unter dem Vorwand eines Mistk\u00fcbelbrandes vor dem AMS (Arbeitsmarktservice) Rederergasse wird ein politischer Prozess gef\u00fchrt. Dieser richtet sich gegen autonome politische Praxen und Politiken. Mit dem Ermittlungsparagraphen 278b wurden monatelange \u00dcberwachungsma\u00dfnahmen durchgef\u00fchrt, die \u2013 von den Bildungsprotesten 2009 ausgehend \u2013 bald auch die Aktivit\u00e4ten der autonom\/anarchistischen und antirassistischen Szene beleuchtet haben.<\/p>\n<p><a href=\"http:\/\/fightrepression2010.lnxnt.org\/?p=252\">fightrepression2010.tk: Solidarit\u00e4t zeigen, wir brauchen eure Unterst\u00fczung! J.A.I.B.<\/a><\/p>\n<p>Mehr Infos unter: <a href=\"http:\/\/fightrepression2010.tk\/\">fightrepression2010<\/a><\/p>\n","protected":false},"excerpt":{"rendered":"<p>Die Soligruppe der vier Repressionsbetroffenen J.A.I.B. (fightrepression2010) ruft auf ihrer Homepage zu Solidarit\u00e4t und Unterst\u00fctzung auf. Hintergrund ist, dass am 13. M\u00e4rz 2012 um 9:00 im Landesgericht Josefstadt der Strafprozess gegen vier politische Aktivist_innen stattfinden wird. Unter dem Vorwand eines Mistk\u00fcbelbrandes vor dem AMS (Arbeitsmarktservice) Rederergasse wird ein politischer Prozess gef\u00fchrt. Dieser richtet sich gegen &hellip; <a href=\"https:\/\/at.rechtsinfokollektiv.org\/?p=704\" class=\"more-link\"><span class=\"screen-reader-text\">Solidarit\u00e4t zeigen, wir brauchen eure Unterst\u00fczung! J.A.I.B.<\/span> weiterlesen <span class=\"meta-nav\">&rarr;<\/span><\/a><\/p>\n","protected":false},"author":1,"featured_media":0,"comment_status":"open","ping_status":"open","sticky":false,"template":"","format":"standard","meta":{"footnotes":""},"categories":[2,8],"tags":[22,44,59],"class_list":["post-704","post","type-post","status-publish","format-standard","hentry","category-alternative-medien","category-medien","tag-antirep","tag-j-a-i-b","tag-repression"],"_links":{"self":[{"href":"https:\/\/at.rechtsinfokollektiv.org\/index.php?rest_route=\/wp\/v2\/posts\/704","targetHints":{"allow":["GET"]}}],"collection":[{"href":"https:\/\/at.rechtsinfokollektiv.org\/index.php?rest_route=\/wp\/v2\/posts"}],"about":[{"href":"https:\/\/at.rechtsinfokollektiv.org\/index.php?rest_route=\/wp\/v2\/types\/post"}],"author":[{"embeddable":true,"href":"https:\/\/at.rechtsinfokollektiv.org\/index.php?rest_route=\/wp\/v2\/users\/1"}],"replies":[{"embeddable":true,"href":"https:\/\/at.rechtsinfokollektiv.org\/index.php?rest_route=%2Fwp%2Fv2%2Fcomments&post=704"}],"version-history":[{"count":0,"href":"https:\/\/at.rechtsinfokollektiv.org\/index.php?rest_route=\/wp\/v2\/posts\/704\/revisions"}],"wp:attachment":[{"href":"https:\/\/at.rechtsinfokollektiv.org\/index.php?rest_route=%2Fwp%2Fv2%2Fmedia&parent=704"}],"wp:term":[{"taxonomy":"category","embeddable":true,"href":"https:\/\/at.rechtsinfokollektiv.org\/index.php?rest_route=%2Fwp%2Fv2%2Fcategories&post=704"},{"taxonomy":"post_tag","embeddable":true,"href":"https:\/\/at.rechtsinfokollektiv.org\/index.php?rest_route=%2Fwp%2Fv2%2Ftags&post=704"}],"curies":[{"name":"wp","href":"https:\/\/api.w.org\/{rel}","templated":true}]}}