{"id":909,"date":"2012-02-27T09:34:03","date_gmt":"2012-02-27T09:34:03","guid":{"rendered":"http:\/\/at.rechtsinfokollektiv.org\/?p=909"},"modified":"2012-02-27T09:34:03","modified_gmt":"2012-02-27T09:34:03","slug":"am-13-marz-2012-beginnt-prozess-wegen-des-vorwurfs-versuchter-brandstiftung-bei-ams-studiogesprach-mit-angeklagten-j-a-i-b","status":"publish","type":"post","link":"https:\/\/at.rechtsinfokollektiv.org\/?p=909","title":{"rendered":"Radio Orange: Studiogespr\u00e4ch mit den Angeklagten J.A.I.B."},"content":{"rendered":"<p>Am 13. M\u00e4rz 2012 beginnt der Strafprozess im Landesgericht f\u00fcr Strafsachen Wien wegen des Vorwurfs versuchter Brandstiftung einer AMS Filiale. <em>Radio Orange<\/em> hat ein Studiogespr\u00e4ch mit den vier Angeklagten J.A.I.B. gef\u00fchrt. Gegen die Betroffenen wurde auch wegen Bildung einer terroristischen Vereinigung ermittelt und massive \u00dcberwachungs- und Repressionsma\u00dfnahmen wie monatelange Observationen und Telefon\u00fcberwachungen, Hausdurchsuchungen und mehr als ein Monat Untersuchungshaft gesetzt! Der Prozess ist klar politisch und richtet sich nicht nur gegen die vier Student_innen, sondern auch gegen die bildungspolitische Protestbewegung #unibrennt.<\/p>\n<p><a title=\"Radio Orange: Studiogespr\u00e4ch mit den Angeklaten J.A.I.B.\" href=\"http:\/\/cba.fro.at\/55802\">Radio Orange: Am 13. M\u00e4rz 2012 beginnt Prozess wegen des Vorwurfs versuchter Brandstiftung bei AMS. Studiogespr\u00e4ch mit Angeklagten J.A.I.B.<\/a><\/p>\n","protected":false},"excerpt":{"rendered":"<p>Am 13. M\u00e4rz 2012 beginnt der Strafprozess im Landesgericht f\u00fcr Strafsachen Wien wegen des Vorwurfs versuchter Brandstiftung einer AMS Filiale. Radio Orange hat ein Studiogespr\u00e4ch mit den vier Angeklagten J.A.I.B. gef\u00fchrt. Gegen die Betroffenen wurde auch wegen Bildung einer terroristischen Vereinigung ermittelt und massive \u00dcberwachungs- und Repressionsma\u00dfnahmen wie monatelange Observationen und Telefon\u00fcberwachungen, Hausdurchsuchungen und mehr &hellip; <a href=\"https:\/\/at.rechtsinfokollektiv.org\/?p=909\" class=\"more-link\"><span class=\"screen-reader-text\">Radio Orange: Studiogespr\u00e4ch mit den Angeklagten J.A.I.B.<\/span> weiterlesen <span class=\"meta-nav\">&rarr;<\/span><\/a><\/p>\n","protected":false},"author":1,"featured_media":0,"comment_status":"open","ping_status":"open","sticky":false,"template":"","format":"standard","meta":{"footnotes":""},"categories":[3,8],"tags":[44,54,77,71],"class_list":["post-909","post","type-post","status-publish","format-standard","hentry","category-audio","category-medien","tag-j-a-i-b","tag-prozess","tag-uberwachung","tag-verfassungsschutz"],"_links":{"self":[{"href":"https:\/\/at.rechtsinfokollektiv.org\/index.php?rest_route=\/wp\/v2\/posts\/909","targetHints":{"allow":["GET"]}}],"collection":[{"href":"https:\/\/at.rechtsinfokollektiv.org\/index.php?rest_route=\/wp\/v2\/posts"}],"about":[{"href":"https:\/\/at.rechtsinfokollektiv.org\/index.php?rest_route=\/wp\/v2\/types\/post"}],"author":[{"embeddable":true,"href":"https:\/\/at.rechtsinfokollektiv.org\/index.php?rest_route=\/wp\/v2\/users\/1"}],"replies":[{"embeddable":true,"href":"https:\/\/at.rechtsinfokollektiv.org\/index.php?rest_route=%2Fwp%2Fv2%2Fcomments&post=909"}],"version-history":[{"count":0,"href":"https:\/\/at.rechtsinfokollektiv.org\/index.php?rest_route=\/wp\/v2\/posts\/909\/revisions"}],"wp:attachment":[{"href":"https:\/\/at.rechtsinfokollektiv.org\/index.php?rest_route=%2Fwp%2Fv2%2Fmedia&parent=909"}],"wp:term":[{"taxonomy":"category","embeddable":true,"href":"https:\/\/at.rechtsinfokollektiv.org\/index.php?rest_route=%2Fwp%2Fv2%2Fcategories&post=909"},{"taxonomy":"post_tag","embeddable":true,"href":"https:\/\/at.rechtsinfokollektiv.org\/index.php?rest_route=%2Fwp%2Fv2%2Ftags&post=909"}],"curies":[{"name":"wp","href":"https:\/\/api.w.org\/{rel}","templated":true}]}}