{"id":922,"date":"2012-03-26T13:46:42","date_gmt":"2012-03-26T13:46:42","guid":{"rendered":"http:\/\/at.rechtsinfokollektiv.org\/?p=922"},"modified":"2012-03-26T13:46:42","modified_gmt":"2012-03-26T13:46:42","slug":"das-wahrheits-ministerium","status":"publish","type":"post","link":"https:\/\/at.rechtsinfokollektiv.org\/?p=922","title":{"rendered":"Das Wahrheits-Ministerium"},"content":{"rendered":"<div>Ein Artikel im <em>datum<\/em> behandelt die Beantwortung einer parlamentarische Anfrage der Gr\u00fcnen zu \u00dcberwachung der Bildungsproteste vor drei Jahren durch den Wiener Verfassungsschutz. Ergebniss dieser \u00dcberwachung waren unter anderem ein Strafverfahren und -prozess wegen Bildung einer terroristischen Vereinigung gegen 4 unibrennt Aktivist_innen J.A.I.B. Die Beantwortung der parlamentarischen Anfrage wirft jedoch mehr Fragen auf, als sie beantwortet \u2013 und ist teilweise falsch.<\/div>\n<div><a title=\"datum: das Wahrheitsministerium\" href=\"http:\/\/www.datum.at\/artikel\/das-wahrheitsministerium\/\">datum.at: Das Wahrheitsministerium<\/a><\/div>\n","protected":false},"excerpt":{"rendered":"<p>Ein Artikel im datum behandelt die Beantwortung einer parlamentarische Anfrage der Gr\u00fcnen zu \u00dcberwachung der Bildungsproteste vor drei Jahren durch den Wiener Verfassungsschutz. Ergebniss dieser \u00dcberwachung waren unter anderem ein Strafverfahren und -prozess wegen Bildung einer terroristischen Vereinigung gegen 4 unibrennt Aktivist_innen J.A.I.B. Die Beantwortung der parlamentarischen Anfrage wirft jedoch mehr Fragen auf, als sie &hellip; <a href=\"https:\/\/at.rechtsinfokollektiv.org\/?p=922\" class=\"more-link\"><span class=\"screen-reader-text\">Das Wahrheits-Ministerium<\/span> weiterlesen <span class=\"meta-nav\">&rarr;<\/span><\/a><\/p>\n","protected":false},"author":1,"featured_media":0,"comment_status":"open","ping_status":"open","sticky":false,"template":"","format":"standard","meta":{"footnotes":""},"categories":[8],"tags":[35,44,45,59,77],"class_list":["post-922","post","type-post","status-publish","format-standard","hentry","category-medien","tag-ermittlung","tag-j-a-i-b","tag-justiz","tag-repression","tag-uberwachung"],"_links":{"self":[{"href":"https:\/\/at.rechtsinfokollektiv.org\/index.php?rest_route=\/wp\/v2\/posts\/922","targetHints":{"allow":["GET"]}}],"collection":[{"href":"https:\/\/at.rechtsinfokollektiv.org\/index.php?rest_route=\/wp\/v2\/posts"}],"about":[{"href":"https:\/\/at.rechtsinfokollektiv.org\/index.php?rest_route=\/wp\/v2\/types\/post"}],"author":[{"embeddable":true,"href":"https:\/\/at.rechtsinfokollektiv.org\/index.php?rest_route=\/wp\/v2\/users\/1"}],"replies":[{"embeddable":true,"href":"https:\/\/at.rechtsinfokollektiv.org\/index.php?rest_route=%2Fwp%2Fv2%2Fcomments&post=922"}],"version-history":[{"count":0,"href":"https:\/\/at.rechtsinfokollektiv.org\/index.php?rest_route=\/wp\/v2\/posts\/922\/revisions"}],"wp:attachment":[{"href":"https:\/\/at.rechtsinfokollektiv.org\/index.php?rest_route=%2Fwp%2Fv2%2Fmedia&parent=922"}],"wp:term":[{"taxonomy":"category","embeddable":true,"href":"https:\/\/at.rechtsinfokollektiv.org\/index.php?rest_route=%2Fwp%2Fv2%2Fcategories&post=922"},{"taxonomy":"post_tag","embeddable":true,"href":"https:\/\/at.rechtsinfokollektiv.org\/index.php?rest_route=%2Fwp%2Fv2%2Ftags&post=922"}],"curies":[{"name":"wp","href":"https:\/\/api.w.org\/{rel}","templated":true}]}}